{"id":243,"date":"2016-10-14T14:07:25","date_gmt":"2016-10-14T14:07:25","guid":{"rendered":"http:\/\/www.conciliacaodecartao.com\/blog\/?p=243"},"modified":"2025-12-01T20:26:14","modified_gmt":"2025-12-01T20:26:14","slug":"conciliacao-de-credito-e-erp-e-possivel-integrar-essas-duas-ferramentas-2","status":"publish","type":"post","link":"https:\/\/www.concil.com.br\/blog\/conciliacao-de-credito-e-erp-e-possivel-integrar-essas-duas-ferramentas-2\/","title":{"rendered":"Concilia\u00e7\u00e3o de cr\u00e9dito e ERP: \u00e9 poss\u00edvel integrar essas duas ferramentas?"},"content":{"rendered":"<p>&nbsp;<\/p>\n<p><span style=\"font-family: verdana,geneva,sans-serif;\">Qualquer empresa quer crescer, com isso, o volume de informa\u00e7\u00f5es que precisa ser processado de forma \u00e1gil e inequ\u00edvoca aumenta nas mesmas propor\u00e7\u00f5es. Entre as opera\u00e7\u00f5es afetadas, podemos destacar a concilia\u00e7\u00e3o de cart\u00f5es como uma das principais ferramentas dispon\u00edveis para controlar as contas do empreendimento.<\/span><\/p>\n<p><span style=\"font-family: verdana,geneva,sans-serif;\">E se a sua empresa trabalhar com mais de uma bandeira, \u00e9 mais importante ainda contar com ferramentas que permitam controlar a sua \u201csa\u00fade financeira\u201d. O fato \u00e9 que a concilia\u00e7\u00e3o de cr\u00e9dito economiza v\u00e1rios problemas e diverg\u00eancias, j\u00e1 que todos os montantes creditados ou debitados s\u00e3o comparados com os registrados nas operadoras.<\/span><\/p>\n<p><span style=\"font-family: verdana,geneva,sans-serif;\">Tudo fica mais f\u00e1cil. Os cart\u00f5es, que antes n\u00e3o eram t\u00e3o comuns, s\u00e3o a via de regra como forma de pagamento de milhares de consumidores. \u00c9 natural, ent\u00e3o, que a sua empresa aceite essa modalidade e precise efetivamente controlar todo o fluxo financeiro relacionado.<\/span><\/p>\n<p>&nbsp;<\/p>\n<p><span style=\"font-family: verdana,geneva,sans-serif; color: #99cc00; font-size: 14pt;\"><strong>Pr\u00f3ximo passo? Implantar um sistema ERP<\/strong><\/span><\/p>\n<p><span style=\"font-family: verdana,geneva,sans-serif;\">Agora, tamb\u00e9m podemos pensar que trabalhar com concilia\u00e7\u00e3o de cr\u00e9ditos \u00e9 uma etapa do processo de gerenciamento de informa\u00e7\u00f5es da sua empresa. Acontece que, com o aumento do volume de dados, voc\u00ea pode come\u00e7ar a pensar em implantar um software integrado de gest\u00e3o empresarial, mais conhecido como ERP.<\/span><\/p>\n<p><span style=\"font-family: verdana,geneva,sans-serif;\">\u00c9 preciso identificar o momento necess\u00e1rio para implementar um ERP. Normalmente as empresas perdem o timing dessa necessidade e, quando se d\u00e3o conta, j\u00e1 passou muito tempo. Uma empresa que acredite que pode melhorar os seus servi\u00e7os, tenha perspectiva de crescimento e queira atender melhor os seus clientes deve pensar neste salto.<\/span><\/p>\n<p><span style=\"font-family: verdana,geneva,sans-serif;\">Um software de gest\u00e3o empresarial ajuda a administrar toda a contabilidade a partir de um s\u00f3 lugar. Pense bem: voc\u00ea usa v\u00e1rios softwares para administrar \u00e1reas separadas da sua empresa: folha de pagamento, estoque, vendas, cobran\u00e7as etc.? Se a resposta \u00e9 \u201csim\u201d, tamb\u00e9m j\u00e1 deve ter percebido como \u00e9 mais complicado controlar tudo de forma separada.<\/span><\/p>\n<p><span style=\"font-family: verdana,geneva,sans-serif; color: #99cc00;\">\u00a0<\/span><\/p>\n<p><span style=\"font-family: verdana,geneva,sans-serif; color: #99cc00; font-size: 14pt;\"><strong>Decis\u00f5es importantes sobre o ERP <\/strong><\/span><\/p>\n<p><span style=\"font-family: verdana,geneva,sans-serif;\">Caso sua empresa decida integrar estas duas ferramentas &#8211; concilia\u00e7\u00e3o de cr\u00e9dito e ERP -, deve come\u00e7ar um processo de levantamento de informa\u00e7\u00f5es sobre as necessidades administrativas. \u00c9 importante envolver todos os departamentos que far\u00e3o uso do software para prever utilidades espec\u00edficas, principalmente o administrativo e o de tecnologia da informa\u00e7\u00e3o (TI).<\/span><\/p>\n<p><span style=\"font-family: verdana,geneva,sans-serif;\">Uma vez que o funcionamento geral seja \u2018posto no papel\u2019, ficar\u00e1 mais f\u00e1cil decidir os requisitos do novo sistema. Esta parte \u00e9 importante pois \u00e9 capaz de baixar os custos de desenvolvimento e implementa\u00e7\u00e3o. Por exemplo, se o software vai ser rodado em um servidor interno ou se vai trabalhar com cloud computing, entre outras coisas.<\/span><\/p>\n<p><span style=\"font-family: verdana,geneva,sans-serif;\">Depois do levantamento inicial, a empresa contratada para criar o sistema proceder\u00e1 com as customiza\u00e7\u00f5es do mesmo. Leva um pouco de tempo e \u00e9 importante n\u00e3o apressar o processo: tudo precisa ser aprovado pela administra\u00e7\u00e3o e pelo pessoal de TI. Uma vez que o ERP esteja pronto, \u00e9 necess\u00e1rio capacitar os funcion\u00e1rios para que possam migrar para a nova plataforma de forma fluida e utilizar ambas ferramentas de forma integrada: concilia\u00e7\u00e3o de cr\u00e9dito e ERP.<\/span><\/p>\n<p>&nbsp;<\/p>\n<p><span style=\"font-family: verdana,geneva,sans-serif; color: #99cc00; font-size: 14pt;\"><strong>E agora?<\/strong><\/span><\/p>\n<p><span style=\"font-family: verdana,geneva,sans-serif;\">A alta competitividade do mercado e os permanentes avan\u00e7os tecnol\u00f3gicos t\u00eam permitido a implanta\u00e7\u00e3o de um sistema ERP em empresas de v\u00e1rios portes e campos de atua\u00e7\u00e3o, integrando com outras ferramentas de suma import\u00e2ncia para a gest\u00e3o empresarial, como \u00e9 o caso da concilia\u00e7\u00e3o de cr\u00e9dito. Tudo no sentido de melhorar seu funcionamento e conquistar a excel\u00eancia gerencial. E voc\u00ea, j\u00e1 pensou nesta possibilidade?<\/span><\/p>\n","protected":false},"excerpt":{"rendered":"<p>&nbsp; Qualquer empresa quer crescer, com isso, o volume de informa\u00e7\u00f5es que precisa ser processado de forma \u00e1gil e inequ\u00edvoca aumenta nas mesmas propor\u00e7\u00f5es. Entre as opera\u00e7\u00f5es afetadas, podemos destacar a concilia\u00e7\u00e3o de cart\u00f5es como uma das principais ferramentas dispon\u00edveis para controlar as contas do empreendimento. E se a sua empresa trabalhar com mais de [&hellip;]<\/p>\n","protected":false},"author":3,"featured_media":20133,"comment_status":"open","ping_status":"open","sticky":false,"template":"","format":"standard","meta":{"_exactmetrics_skip_tracking":false,"_exactmetrics_sitenote_active":false,"_exactmetrics_sitenote_note":"","_exactmetrics_sitenote_category":0,"footnotes":""},"categories":[1],"tags":[38,68,69],"yst_prominent_words":[],"class_list":["post-243","post","type-post","status-publish","format-standard","has-post-thumbnail","hentry","category-sem-categoria","tag-conciliacao-de-cartao","tag-conciliacao-de-credito","tag-integracao-com-erp"],"_links":{"self":[{"href":"https:\/\/www.concil.com.br\/blog\/wp-json\/wp\/v2\/posts\/243","targetHints":{"allow":["GET"]}}],"collection":[{"href":"https:\/\/www.concil.com.br\/blog\/wp-json\/wp\/v2\/posts"}],"about":[{"href":"https:\/\/www.concil.com.br\/blog\/wp-json\/wp\/v2\/types\/post"}],"author":[{"embeddable":true,"href":"https:\/\/www.concil.com.br\/blog\/wp-json\/wp\/v2\/users\/3"}],"replies":[{"embeddable":true,"href":"https:\/\/www.concil.com.br\/blog\/wp-json\/wp\/v2\/comments?post=243"}],"version-history":[{"count":3,"href":"https:\/\/www.concil.com.br\/blog\/wp-json\/wp\/v2\/posts\/243\/revisions"}],"predecessor-version":[{"id":20110,"href":"https:\/\/www.concil.com.br\/blog\/wp-json\/wp\/v2\/posts\/243\/revisions\/20110"}],"wp:featuredmedia":[{"embeddable":true,"href":"https:\/\/www.concil.com.br\/blog\/wp-json\/wp\/v2\/media\/20133"}],"wp:attachment":[{"href":"https:\/\/www.concil.com.br\/blog\/wp-json\/wp\/v2\/media?parent=243"}],"wp:term":[{"taxonomy":"category","embeddable":true,"href":"https:\/\/www.concil.com.br\/blog\/wp-json\/wp\/v2\/categories?post=243"},{"taxonomy":"post_tag","embeddable":true,"href":"https:\/\/www.concil.com.br\/blog\/wp-json\/wp\/v2\/tags?post=243"},{"taxonomy":"yst_prominent_words","embeddable":true,"href":"https:\/\/www.concil.com.br\/blog\/wp-json\/wp\/v2\/yst_prominent_words?post=243"}],"curies":[{"name":"wp","href":"https:\/\/api.w.org\/{rel}","templated":true}]}}